{"id":1517,"date":"2020-02-23T15:07:12","date_gmt":"2020-02-23T15:07:12","guid":{"rendered":"https:\/\/hsv-bezirk3.de\/wp\/?p=1517"},"modified":"2020-03-13T12:15:59","modified_gmt":"2020-03-13T12:15:59","slug":"einladung-zum-bezirks-senioren-rating-tunier-am-21-maerz-2020-in-gladenbach","status":"publish","type":"post","link":"https:\/\/hsv-bezirk3.de\/wpold\/1517-einladung-zum-bezirks-senioren-rating-tunier-am-21-maerz-2020-in-gladenbach","title":{"rendered":"Absage Bezirks-Senioren-Rating Tunier am 21. M\u00c3\u00a4rz 2020 in Gladenbach"},"content":{"rendered":"<p>Liebe Schachfreunde,<\/p>\n<p>auch unser geliebter Sport muss sich dem Corona Virus beugen.<br \/>\nHiermit sage ich das Senioren Rating Tunier am 21.03.2020 in Gladenbach, Hotel Schlo\u00c3\u0178garten ab.<\/p>\n<p>\u00c3\u0153ber einen neuen Termin (sicher nicht vor Juli 2020) wird nachgedacht.<br \/>\nBitte informiert alle eure bekannten Senioren \u00c3\u00bcber die Absage.<\/p>\n<p>Mit freundlichen Gr\u00c3\u00bc\u00c3\u0178en<br \/>\nEuer<\/p>\n<p>Uli Zimmermann<\/p>\n","protected":false},"excerpt":{"rendered":"<p>Liebe Schachfreunde, auch unser geliebter Sport muss sich dem Corona Virus beugen. Hiermit sage ich das Senioren Rating Tunier am 21.03.2020 in Gladenbach, Hotel Schlo\u00c3\u0178garten ab. \u00c3\u0153ber einen neuen Termin (sicher nicht vor Juli 2020) wird nachgedacht. Bitte informiert alle eure bekannten Senioren \u00c3\u00bcber die Absage. Mit freundlichen Gr\u00c3\u00bc\u00c3\u0178en Euer Uli Zimmermann<\/p>\n","protected":false},"author":1,"featured_media":0,"comment_status":"closed","ping_status":"closed","sticky":false,"template":"","format":"standard","meta":{"footnotes":""},"categories":[1,6],"tags":[],"class_list":["post-1517","post","type-post","status-publish","format-standard","hentry","category-allgemein","category-senioren"],"_links":{"self":[{"href":"https:\/\/hsv-bezirk3.de\/wpold\/wp-json\/wp\/v2\/posts\/1517"}],"collection":[{"href":"https:\/\/hsv-bezirk3.de\/wpold\/wp-json\/wp\/v2\/posts"}],"about":[{"href":"https:\/\/hsv-bezirk3.de\/wpold\/wp-json\/wp\/v2\/types\/post"}],"author":[{"embeddable":true,"href":"https:\/\/hsv-bezirk3.de\/wpold\/wp-json\/wp\/v2\/users\/1"}],"replies":[{"embeddable":true,"href":"https:\/\/hsv-bezirk3.de\/wpold\/wp-json\/wp\/v2\/comments?post=1517"}],"version-history":[{"count":3,"href":"https:\/\/hsv-bezirk3.de\/wpold\/wp-json\/wp\/v2\/posts\/1517\/revisions"}],"predecessor-version":[{"id":1521,"href":"https:\/\/hsv-bezirk3.de\/wpold\/wp-json\/wp\/v2\/posts\/1517\/revisions\/1521"}],"wp:attachment":[{"href":"https:\/\/hsv-bezirk3.de\/wpold\/wp-json\/wp\/v2\/media?parent=1517"}],"wp:term":[{"taxonomy":"category","embeddable":true,"href":"https:\/\/hsv-bezirk3.de\/wpold\/wp-json\/wp\/v2\/categories?post=1517"},{"taxonomy":"post_tag","embeddable":true,"href":"https:\/\/hsv-bezirk3.de\/wpold\/wp-json\/wp\/v2\/tags?post=1517"}],"curies":[{"name":"wp","href":"https:\/\/api.w.org\/{rel}","templated":true}]}}